{"id":43,"date":"2021-10-14T09:58:56","date_gmt":"2021-10-14T09:58:56","guid":{"rendered":"https:\/\/www.snkka.hu\/?p=43"},"modified":"2021-10-14T12:21:35","modified_gmt":"2021-10-14T12:21:35","slug":"a-sarospatak-nemet-kisebbseg-korus-2020-2021-evi-tevekenysege","status":"publish","type":"post","link":"https:\/\/www.snkka.hu\/?p=43","title":{"rendered":"A S\u00e1rospatak N\u00e9met Kisebbs\u00e9g K\u00f3rus 2020-2021 \u00e9vi tev\u00e9kenys\u00e9ge"},"content":{"rendered":"\n<p>\u00c1poljuk&nbsp; hagyom\u00e1nyainkat, sz\u00fcleinkt\u0151l \u00e9s&nbsp; nagysz\u00fcleinkt\u0151l kapott&nbsp; \u00f6r\u00f6ks\u00e9g\u00fcnket, hagyom\u00e1nyainkat \u00e1poljuk \u00e9s tov\u00e1bb adjuk a fiatal gener\u00e1ci\u00f3nak<\/p>\n\n\n\n<p class=\"has-text-align-left\">Vannak \u00e1lland\u00f3 \u00e9vr\u0151l-\u00e9vre ism\u00e9tl\u0151d\u0151 rendezv\u00e9nyek, ilyen a&nbsp; janu\u00e1r 2-\u00e1n megeml\u00e9kez\u00e9s a&nbsp; \u201eM\u00e1lenkij robotra\u201d, amikor nagysz\u00fcleinket elhurcolt\u00e1k .<\/p>\n\n\n\n<p class=\"has-text-align-center\"><img loading=\"lazy\" width=\"2560\" height=\"1706\" class=\"wp-image-48\" style=\"width: 450px;\" src=\"https:\/\/www.snkka.hu\/wp-content\/uploads\/2021\/10\/DSCF5800-scaled.jpg\" alt=\"\" srcset=\"https:\/\/www.snkka.hu\/wp-content\/uploads\/2021\/10\/DSCF5800-scaled.jpg 2560w, https:\/\/www.snkka.hu\/wp-content\/uploads\/2021\/10\/DSCF5800-300x200.jpg 300w, https:\/\/www.snkka.hu\/wp-content\/uploads\/2021\/10\/DSCF5800-1024x683.jpg 1024w, https:\/\/www.snkka.hu\/wp-content\/uploads\/2021\/10\/DSCF5800-768x512.jpg 768w, https:\/\/www.snkka.hu\/wp-content\/uploads\/2021\/10\/DSCF5800-1536x1024.jpg 1536w, https:\/\/www.snkka.hu\/wp-content\/uploads\/2021\/10\/DSCF5800-2048x1365.jpg 2048w\" sizes=\"(max-width: 2560px) 100vw, 2560px\" \/>   <img loading=\"lazy\" width=\"2560\" height=\"1707\" class=\"wp-image-47\" style=\"width: 450px;\" src=\"https:\/\/www.snkka.hu\/wp-content\/uploads\/2021\/10\/DSCF5718-scaled.jpg\" alt=\"\" srcset=\"https:\/\/www.snkka.hu\/wp-content\/uploads\/2021\/10\/DSCF5718-scaled.jpg 2560w, https:\/\/www.snkka.hu\/wp-content\/uploads\/2021\/10\/DSCF5718-300x200.jpg 300w, https:\/\/www.snkka.hu\/wp-content\/uploads\/2021\/10\/DSCF5718-1024x683.jpg 1024w, https:\/\/www.snkka.hu\/wp-content\/uploads\/2021\/10\/DSCF5718-768x512.jpg 768w, https:\/\/www.snkka.hu\/wp-content\/uploads\/2021\/10\/DSCF5718-1536x1024.jpg 1536w, https:\/\/www.snkka.hu\/wp-content\/uploads\/2021\/10\/DSCF5718-2048x1365.jpg 2048w\" sizes=\"(max-width: 2560px) 100vw, 2560px\" \/><\/p>\n\n\n\n<p>A m\u00e1r t\u00f6bb mint 20 \u00e9ve m\u0171k\u00f6d\u0151 \u00e9nekkarunkkal &nbsp;r\u00e9szt vesz\u00fcnk a k\u00f6rny\u00e9k n\u00e9met nemzetis\u00e9gi&nbsp; telep\u00fcl\u00e9seinek rendezv\u00e9nyein, ahol&nbsp; m\u00f3d \u00e9s lehet\u0151s\u00e9g ny\u00edlik a szomsz\u00e9dinkkal&nbsp; val\u00f3 kapcsolatok \u00e9p\u00edt\u00e9s\u00e9re , \u00e1pol\u00e1s\u00e1ra,ismerkedve egym\u00e1s kultur\u00e1lis \u00e9s gasztron\u00f3miai&nbsp; hagyom\u00e1nyaival.<\/p>\n\n\n\n<p>Minden \u00e9ven r\u00e9szt vesz\u00fcnk a szomsz\u00e9d telep\u00fcl\u00e9s Hercegk\u00fat \u00e1ltal megrendezett sv\u00e1b b\u00e1lon is programunkkal \/\u00e9nekkarunk sz\u00ednes\u00edti a rendezv\u00e9nyt\/.<\/p>\n\n\n\n<p>2020 \u00e9vben ezek a rendezv\u00e9nyek r\u00e9szben elmaradtak a COVID miatt.<\/p>\n\n\n\n<p>Ez \u00e9vben kapcsolat\u00e9p\u00edt\u0151&nbsp; programunkat&nbsp; Pilisszentiv\u00e1nra&nbsp; tervezt\u00fck,&nbsp; ahol a helyi nemzetis\u00e9gi<\/p>\n\n\n\n<p>\u00f6nkorm\u00e1nyzat&nbsp; eln\u00f6ke \u00e9s tagjai&nbsp; fogadtak minket 20 f\u0151s csapatunkat. Kedves fogadtat\u00e1s, ahol a helyi kultur\u00e1lis&nbsp; \u00e9rt\u00e9kekkel , kincsekkel&nbsp; ismerkedt\u00fcnk meg, legyen az magyar&nbsp; vagy&nbsp; nemzetis\u00e9gi. Ismertett\u00e9k vel\u00fcnk a saj\u00e1t interakt\u00edv j\u00e1t\u00e9kaikat, melyek a sv\u00e1b hagyom\u00e1nyok \u00e1t\u00f6r\u00f6k\u00edt\u00e9s\u00e9t is szolg\u00e1lj\u00e1k &nbsp;az ifjabb nemzed\u00e9k sz\u00e1m\u00e1ra. A mi eln\u00f6k\u00fcnk is besz\u00e1molt a mi hagyom\u00e1nyinkr\u00f3l, tapasztalatot cser\u00e9lt\u00fcnk.<\/p>\n\n\n\n<p>Ell\u00e1togattunk a M\u00e1ria-Besny\u0151i Kegyhelyre,&nbsp; amely &nbsp;Magyarorsz\u00e1g m\u00e1sodik&nbsp; legnagyobb l\u00e1togatott M\u00e1ria &nbsp;zar\u00e1ndokhelye., majd a&nbsp; Szentendrei&nbsp; Skanzenben ismerkedhett\u00fcnk az&nbsp; orsz\u00e1g k\u00fcl\u00f6nb\u00f6z\u0151 t\u00e1jegys\u00e9geinek kult\u00far\u00e1j\u00e1val .<\/p>\n\n\n\n<p>K\u00f6vetkez\u0151 utunk a G\u00f6d\u00f6ll\u0151i fel\u00faj\u00edtott Kir\u00e1ly kast\u00e9lyba vezetett .<\/p>\n\n\n\n<p>Szeptemberben&nbsp; a Hercegk\u00faton megrendezett Zempl\u00e9ni&nbsp; Fesztiv\u00e1lon l\u00e9pett fel \u00e9nekkarunk, majd&nbsp;<\/p>\n\n\n\n<p class=\"has-text-align-left\">szept.18-\u00e1m a Region\u00e1lis&nbsp; N\u00e9met Nemzetis\u00e9gi&nbsp; rendezv\u00e9nyen K\u00e1rolyfalv\u00e1n szerepelt k\u00f3russunk.<\/p>\n\n\n\n<p class=\"has-text-align-left\"><img loading=\"lazy\" width=\"1824\" height=\"1368\" class=\"wp-image-50\" style=\"width: 450px;\" src=\"https:\/\/www.snkka.hu\/wp-content\/uploads\/2021\/10\/Korus-hkut.jpg\" alt=\"\" srcset=\"https:\/\/www.snkka.hu\/wp-content\/uploads\/2021\/10\/Korus-hkut.jpg 1824w, https:\/\/www.snkka.hu\/wp-content\/uploads\/2021\/10\/Korus-hkut-300x225.jpg 300w, https:\/\/www.snkka.hu\/wp-content\/uploads\/2021\/10\/Korus-hkut-1024x768.jpg 1024w, https:\/\/www.snkka.hu\/wp-content\/uploads\/2021\/10\/Korus-hkut-768x576.jpg 768w, https:\/\/www.snkka.hu\/wp-content\/uploads\/2021\/10\/Korus-hkut-1536x1152.jpg 1536w\" sizes=\"(max-width: 1824px) 100vw, 1824px\" \/>  <img loading=\"lazy\" width=\"2560\" height=\"1920\" class=\"wp-image-49\" style=\"width: 450px;\" src=\"https:\/\/www.snkka.hu\/wp-content\/uploads\/2021\/10\/IMG_20210814_135210-scaled.jpg\" alt=\"\" srcset=\"https:\/\/www.snkka.hu\/wp-content\/uploads\/2021\/10\/IMG_20210814_135210-scaled.jpg 2560w, https:\/\/www.snkka.hu\/wp-content\/uploads\/2021\/10\/IMG_20210814_135210-300x225.jpg 300w, https:\/\/www.snkka.hu\/wp-content\/uploads\/2021\/10\/IMG_20210814_135210-1024x768.jpg 1024w, https:\/\/www.snkka.hu\/wp-content\/uploads\/2021\/10\/IMG_20210814_135210-768x576.jpg 768w, https:\/\/www.snkka.hu\/wp-content\/uploads\/2021\/10\/IMG_20210814_135210-1536x1152.jpg 1536w, https:\/\/www.snkka.hu\/wp-content\/uploads\/2021\/10\/IMG_20210814_135210-2048x1536.jpg 2048w\" sizes=\"(max-width: 2560px) 100vw, 2560px\" \/><\/p>\n\n\n\n<div class=\"wp-block-file\"><object class=\"wp-block-file__embed\" data=\"https:\/\/www.snkka.hu\/wp-content\/uploads\/2021\/10\/2020.-Palyazati-tabla-Sp-i-Nemet-Kisebbs.Kult_.Alap_..pdf\" type=\"application\/pdf\" style=\"width:100%;height:600px\" aria-label=\"2020.-Palyazati-tabla-Sp-i-Nemet-Kisebbs.Kult_.Alap_. be\u00e1gyaz\u00e1sa\"><\/object><a href=\"https:\/\/www.snkka.hu\/wp-content\/uploads\/2021\/10\/2020.-Palyazati-tabla-Sp-i-Nemet-Kisebbs.Kult_.Alap_..pdf\">2020.-Palyazati-tabla-Sp-i-Nemet-Kisebbs.Kult_.Alap_.<\/a><a href=\"https:\/\/www.snkka.hu\/wp-content\/uploads\/2021\/10\/2020.-Palyazati-tabla-Sp-i-Nemet-Kisebbs.Kult_.Alap_..pdf\" class=\"wp-block-file__button\" download>Let\u00f6lt\u00e9s<\/a><\/div>\n\n\n\n<div class=\"wp-block-file\"><object class=\"wp-block-file__embed\" data=\"https:\/\/www.snkka.hu\/wp-content\/uploads\/2021\/10\/DSCF5596.pdf\" type=\"application\/pdf\" style=\"width:100%;height:600px\" aria-label=\"DSCF5596 be\u00e1gyaz\u00e1sa\"><\/object><a href=\"https:\/\/www.snkka.hu\/wp-content\/uploads\/2021\/10\/DSCF5596.pdf\">DSCF5596<\/a><a href=\"https:\/\/www.snkka.hu\/wp-content\/uploads\/2021\/10\/DSCF5596.pdf\" class=\"wp-block-file__button\" download>Let\u00f6lt\u00e9s<\/a><\/div>\n","protected":false},"excerpt":{"rendered":"<p>\u00c1poljuk&nbsp; hagyom\u00e1nyainkat, sz\u00fcleinkt\u0151l \u00e9s&nbsp; nagysz\u00fcleinkt\u0151l kapott&nbsp; \u00f6r\u00f6ks\u00e9g\u00fcnket, hagyom\u00e1nyainkat \u00e1poljuk \u00e9s tov\u00e1bb adjuk a fiatal gener\u00e1ci\u00f3nak Vannak \u00e1lland\u00f3 \u00e9vr\u0151l-\u00e9vre ism\u00e9tl\u0151d\u0151 rendezv\u00e9nyek, ilyen a&nbsp; janu\u00e1r 2-\u00e1n megeml\u00e9kez\u00e9s a&nbsp; \u201eM\u00e1lenkij robotra\u201d, amikor nagysz\u00fcleinket elhurcolt\u00e1k . A m\u00e1r t\u00f6bb mint 20 \u00e9ve m\u0171k\u00f6d\u0151 \u00e9nekkarunkkal &nbsp;r\u00e9szt vesz\u00fcnk a k\u00f6rny\u00e9k n\u00e9met nemzetis\u00e9gi&nbsp; telep\u00fcl\u00e9seinek rendezv\u00e9nyein, ahol&nbsp; m\u00f3d \u00e9s lehet\u0151s\u00e9g ny\u00edlik a szomsz\u00e9dinkkal&nbsp; [&hellip;]<\/p>\n","protected":false},"author":1,"featured_media":50,"comment_status":"open","ping_status":"open","sticky":false,"template":"","format":"standard","meta":{"_monsterinsights_skip_tracking":false,"_monsterinsights_sitenote_active":false,"_monsterinsights_sitenote_note":"","_monsterinsights_sitenote_category":0},"categories":[1],"tags":[],"yoast_head":"<!-- This site is optimized with the Yoast SEO plugin v17.3 - https:\/\/yoast.com\/wordpress\/plugins\/seo\/ -->\n<title>A S\u00e1rospatak N\u00e9met Kisebbs\u00e9g K\u00f3rus 2020-2021 \u00e9vi tev\u00e9kenys\u00e9ge -<\/title>\n<meta name=\"description\" content=\"\u00c1poljuk\u00a0 hagyom\u00e1nyainkat, sz\u00fcleinkt\u0151l \u00e9s\u00a0 nagysz\u00fcleinkt\u0151l kapott\u00a0 \u00f6r\u00f6ks\u00e9g\u00fcnket, hagyom\u00e1nyainkat \u00e1poljuk \u00e9s tov\u00e1bb adjuk a fiatal gener\u00e1ci\u00f3nak\" \/>\n<meta name=\"robots\" content=\"index, follow, max-snippet:-1, max-image-preview:large, max-video-preview:-1\" \/>\n<link rel=\"canonical\" href=\"https:\/\/www.snkka.hu\/?p=43\" \/>\n<meta property=\"og:locale\" content=\"hu_HU\" \/>\n<meta property=\"og:type\" content=\"article\" \/>\n<meta property=\"og:title\" content=\"A S\u00e1rospatak N\u00e9met Kisebbs\u00e9g K\u00f3rus 2020-2021 \u00e9vi tev\u00e9kenys\u00e9ge -\" \/>\n<meta property=\"og:description\" content=\"\u00c1poljuk\u00a0 hagyom\u00e1nyainkat, sz\u00fcleinkt\u0151l \u00e9s\u00a0 nagysz\u00fcleinkt\u0151l kapott\u00a0 \u00f6r\u00f6ks\u00e9g\u00fcnket, hagyom\u00e1nyainkat \u00e1poljuk \u00e9s tov\u00e1bb adjuk a fiatal gener\u00e1ci\u00f3nak\" \/>\n<meta property=\"og:url\" content=\"https:\/\/www.snkka.hu\/?p=43\" \/>\n<meta property=\"article:published_time\" content=\"2021-10-14T09:58:56+00:00\" \/>\n<meta property=\"article:modified_time\" content=\"2021-10-14T12:21:35+00:00\" \/>\n<meta property=\"og:image\" content=\"https:\/\/www.snkka.hu\/wp-content\/uploads\/2021\/10\/Korus-hkut.jpg\" \/>\n\t<meta property=\"og:image:width\" content=\"1824\" \/>\n\t<meta property=\"og:image:height\" content=\"1368\" \/>\n<meta name=\"twitter:card\" content=\"summary_large_image\" \/>\n<meta name=\"twitter:label1\" content=\"Szerz\u0151:\" \/>\n\t<meta name=\"twitter:data1\" content=\"admin\" \/>\n\t<meta name=\"twitter:label2\" content=\"Becs\u00fclt olvas\u00e1si id\u0151\" \/>\n\t<meta name=\"twitter:data2\" content=\"2 perc\" \/>\n<script type=\"application\/ld+json\" class=\"yoast-schema-graph\">{\"@context\":\"https:\/\/schema.org\",\"@graph\":[{\"@type\":\"WebSite\",\"@id\":\"https:\/\/www.snkka.hu\/#website\",\"url\":\"https:\/\/www.snkka.hu\/\",\"name\":\"\",\"description\":\"A S\\u00c1ROSPATAKI N\\u00c9MET KISEBBS\\u00c9G KULT\\u00daR\\u00c1J\\u00c1\\u00c9RT ALAP\\u00cdTV\\u00c1NY\",\"potentialAction\":[{\"@type\":\"SearchAction\",\"target\":{\"@type\":\"EntryPoint\",\"urlTemplate\":\"https:\/\/www.snkka.hu\/?s={search_term_string}\"},\"query-input\":\"required name=search_term_string\"}],\"inLanguage\":\"hu\"},{\"@type\":\"ImageObject\",\"@id\":\"https:\/\/www.snkka.hu\/?p=43#primaryimage\",\"inLanguage\":\"hu\",\"url\":\"https:\/\/www.snkka.hu\/wp-content\/uploads\/2021\/10\/Korus-hkut.jpg\",\"contentUrl\":\"https:\/\/www.snkka.hu\/wp-content\/uploads\/2021\/10\/Korus-hkut.jpg\",\"width\":1824,\"height\":1368,\"caption\":\"K\\u00f3rus\"},{\"@type\":\"WebPage\",\"@id\":\"https:\/\/www.snkka.hu\/?p=43#webpage\",\"url\":\"https:\/\/www.snkka.hu\/?p=43\",\"name\":\"A S\\u00e1rospatak N\\u00e9met Kisebbs\\u00e9g K\\u00f3rus 2020-2021 \\u00e9vi tev\\u00e9kenys\\u00e9ge -\",\"isPartOf\":{\"@id\":\"https:\/\/www.snkka.hu\/#website\"},\"primaryImageOfPage\":{\"@id\":\"https:\/\/www.snkka.hu\/?p=43#primaryimage\"},\"datePublished\":\"2021-10-14T09:58:56+00:00\",\"dateModified\":\"2021-10-14T12:21:35+00:00\",\"author\":{\"@id\":\"https:\/\/www.snkka.hu\/#\/schema\/person\/56cd0f27e51cd17f44da54bf706195b9\"},\"description\":\"\\u00c1poljuk\\u00a0 hagyom\\u00e1nyainkat, sz\\u00fcleinkt\\u0151l \\u00e9s\\u00a0 nagysz\\u00fcleinkt\\u0151l kapott\\u00a0 \\u00f6r\\u00f6ks\\u00e9g\\u00fcnket, hagyom\\u00e1nyainkat \\u00e1poljuk \\u00e9s tov\\u00e1bb adjuk a fiatal gener\\u00e1ci\\u00f3nak\",\"breadcrumb\":{\"@id\":\"https:\/\/www.snkka.hu\/?p=43#breadcrumb\"},\"inLanguage\":\"hu\",\"potentialAction\":[{\"@type\":\"ReadAction\",\"target\":[\"https:\/\/www.snkka.hu\/?p=43\"]}]},{\"@type\":\"BreadcrumbList\",\"@id\":\"https:\/\/www.snkka.hu\/?p=43#breadcrumb\",\"itemListElement\":[{\"@type\":\"ListItem\",\"position\":1,\"name\":\"Home\",\"item\":\"https:\/\/www.snkka.hu\/\"},{\"@type\":\"ListItem\",\"position\":2,\"name\":\"A S\\u00e1rospatak N\\u00e9met Kisebbs\\u00e9g K\\u00f3rus 2020-2021 \\u00e9vi tev\\u00e9kenys\\u00e9ge\"}]},{\"@type\":\"Person\",\"@id\":\"https:\/\/www.snkka.hu\/#\/schema\/person\/56cd0f27e51cd17f44da54bf706195b9\",\"name\":\"admin\",\"image\":{\"@type\":\"ImageObject\",\"@id\":\"https:\/\/www.snkka.hu\/#personlogo\",\"inLanguage\":\"hu\",\"url\":\"https:\/\/secure.gravatar.com\/avatar\/5e2e5d1e20135ac818908582c8aecd0d?s=96&d=mm&r=g\",\"contentUrl\":\"https:\/\/secure.gravatar.com\/avatar\/5e2e5d1e20135ac818908582c8aecd0d?s=96&d=mm&r=g\",\"caption\":\"admin\"},\"sameAs\":[\"https:\/\/www.snkka.hu\"],\"url\":\"https:\/\/www.snkka.hu\/?author=1\"}]}<\/script>\n<!-- \/ Yoast SEO plugin. -->","yoast_head_json":{"title":"A S\u00e1rospatak N\u00e9met Kisebbs\u00e9g K\u00f3rus 2020-2021 \u00e9vi tev\u00e9kenys\u00e9ge -","description":"\u00c1poljuk\u00a0 hagyom\u00e1nyainkat, sz\u00fcleinkt\u0151l \u00e9s\u00a0 nagysz\u00fcleinkt\u0151l kapott\u00a0 \u00f6r\u00f6ks\u00e9g\u00fcnket, hagyom\u00e1nyainkat \u00e1poljuk \u00e9s tov\u00e1bb adjuk a fiatal gener\u00e1ci\u00f3nak","robots":{"index":"index","follow":"follow","max-snippet":"max-snippet:-1","max-image-preview":"max-image-preview:large","max-video-preview":"max-video-preview:-1"},"canonical":"https:\/\/www.snkka.hu\/?p=43","og_locale":"hu_HU","og_type":"article","og_title":"A S\u00e1rospatak N\u00e9met Kisebbs\u00e9g K\u00f3rus 2020-2021 \u00e9vi tev\u00e9kenys\u00e9ge -","og_description":"\u00c1poljuk\u00a0 hagyom\u00e1nyainkat, sz\u00fcleinkt\u0151l \u00e9s\u00a0 nagysz\u00fcleinkt\u0151l kapott\u00a0 \u00f6r\u00f6ks\u00e9g\u00fcnket, hagyom\u00e1nyainkat \u00e1poljuk \u00e9s tov\u00e1bb adjuk a fiatal gener\u00e1ci\u00f3nak","og_url":"https:\/\/www.snkka.hu\/?p=43","article_published_time":"2021-10-14T09:58:56+00:00","article_modified_time":"2021-10-14T12:21:35+00:00","og_image":[{"width":1824,"height":1368,"url":"https:\/\/www.snkka.hu\/wp-content\/uploads\/2021\/10\/Korus-hkut.jpg","type":"image\/jpeg"}],"twitter_card":"summary_large_image","twitter_misc":{"Szerz\u0151:":"admin","Becs\u00fclt olvas\u00e1si id\u0151":"2 perc"},"schema":{"@context":"https:\/\/schema.org","@graph":[{"@type":"WebSite","@id":"https:\/\/www.snkka.hu\/#website","url":"https:\/\/www.snkka.hu\/","name":"","description":"A S\u00c1ROSPATAKI N\u00c9MET KISEBBS\u00c9G KULT\u00daR\u00c1J\u00c1\u00c9RT ALAP\u00cdTV\u00c1NY","potentialAction":[{"@type":"SearchAction","target":{"@type":"EntryPoint","urlTemplate":"https:\/\/www.snkka.hu\/?s={search_term_string}"},"query-input":"required name=search_term_string"}],"inLanguage":"hu"},{"@type":"ImageObject","@id":"https:\/\/www.snkka.hu\/?p=43#primaryimage","inLanguage":"hu","url":"https:\/\/www.snkka.hu\/wp-content\/uploads\/2021\/10\/Korus-hkut.jpg","contentUrl":"https:\/\/www.snkka.hu\/wp-content\/uploads\/2021\/10\/Korus-hkut.jpg","width":1824,"height":1368,"caption":"K\u00f3rus"},{"@type":"WebPage","@id":"https:\/\/www.snkka.hu\/?p=43#webpage","url":"https:\/\/www.snkka.hu\/?p=43","name":"A S\u00e1rospatak N\u00e9met Kisebbs\u00e9g K\u00f3rus 2020-2021 \u00e9vi tev\u00e9kenys\u00e9ge -","isPartOf":{"@id":"https:\/\/www.snkka.hu\/#website"},"primaryImageOfPage":{"@id":"https:\/\/www.snkka.hu\/?p=43#primaryimage"},"datePublished":"2021-10-14T09:58:56+00:00","dateModified":"2021-10-14T12:21:35+00:00","author":{"@id":"https:\/\/www.snkka.hu\/#\/schema\/person\/56cd0f27e51cd17f44da54bf706195b9"},"description":"\u00c1poljuk\u00a0 hagyom\u00e1nyainkat, sz\u00fcleinkt\u0151l \u00e9s\u00a0 nagysz\u00fcleinkt\u0151l kapott\u00a0 \u00f6r\u00f6ks\u00e9g\u00fcnket, hagyom\u00e1nyainkat \u00e1poljuk \u00e9s tov\u00e1bb adjuk a fiatal gener\u00e1ci\u00f3nak","breadcrumb":{"@id":"https:\/\/www.snkka.hu\/?p=43#breadcrumb"},"inLanguage":"hu","potentialAction":[{"@type":"ReadAction","target":["https:\/\/www.snkka.hu\/?p=43"]}]},{"@type":"BreadcrumbList","@id":"https:\/\/www.snkka.hu\/?p=43#breadcrumb","itemListElement":[{"@type":"ListItem","position":1,"name":"Home","item":"https:\/\/www.snkka.hu\/"},{"@type":"ListItem","position":2,"name":"A S\u00e1rospatak N\u00e9met Kisebbs\u00e9g K\u00f3rus 2020-2021 \u00e9vi tev\u00e9kenys\u00e9ge"}]},{"@type":"Person","@id":"https:\/\/www.snkka.hu\/#\/schema\/person\/56cd0f27e51cd17f44da54bf706195b9","name":"admin","image":{"@type":"ImageObject","@id":"https:\/\/www.snkka.hu\/#personlogo","inLanguage":"hu","url":"https:\/\/secure.gravatar.com\/avatar\/5e2e5d1e20135ac818908582c8aecd0d?s=96&d=mm&r=g","contentUrl":"https:\/\/secure.gravatar.com\/avatar\/5e2e5d1e20135ac818908582c8aecd0d?s=96&d=mm&r=g","caption":"admin"},"sameAs":["https:\/\/www.snkka.hu"],"url":"https:\/\/www.snkka.hu\/?author=1"}]}},"_links":{"self":[{"href":"https:\/\/www.snkka.hu\/index.php?rest_route=\/wp\/v2\/posts\/43"}],"collection":[{"href":"https:\/\/www.snkka.hu\/index.php?rest_route=\/wp\/v2\/posts"}],"about":[{"href":"https:\/\/www.snkka.hu\/index.php?rest_route=\/wp\/v2\/types\/post"}],"author":[{"embeddable":true,"href":"https:\/\/www.snkka.hu\/index.php?rest_route=\/wp\/v2\/users\/1"}],"replies":[{"embeddable":true,"href":"https:\/\/www.snkka.hu\/index.php?rest_route=%2Fwp%2Fv2%2Fcomments&post=43"}],"version-history":[{"count":4,"href":"https:\/\/www.snkka.hu\/index.php?rest_route=\/wp\/v2\/posts\/43\/revisions"}],"predecessor-version":[{"id":60,"href":"https:\/\/www.snkka.hu\/index.php?rest_route=\/wp\/v2\/posts\/43\/revisions\/60"}],"wp:featuredmedia":[{"embeddable":true,"href":"https:\/\/www.snkka.hu\/index.php?rest_route=\/wp\/v2\/media\/50"}],"wp:attachment":[{"href":"https:\/\/www.snkka.hu\/index.php?rest_route=%2Fwp%2Fv2%2Fmedia&parent=43"}],"wp:term":[{"taxonomy":"category","embeddable":true,"href":"https:\/\/www.snkka.hu\/index.php?rest_route=%2Fwp%2Fv2%2Fcategories&post=43"},{"taxonomy":"post_tag","embeddable":true,"href":"https:\/\/www.snkka.hu\/index.php?rest_route=%2Fwp%2Fv2%2Ftags&post=43"}],"curies":[{"name":"wp","href":"https:\/\/api.w.org\/{rel}","templated":true}]}}