{"id":64,"date":"2024-02-17T10:09:12","date_gmt":"2024-02-17T10:09:12","guid":{"rendered":"https:\/\/www.snkka.hu\/?p=64"},"modified":"2024-02-17T10:26:17","modified_gmt":"2024-02-17T10:26:17","slug":"a-sarospataki-nemet-kisebbseg-kulturajaert-alapitvany","status":"publish","type":"post","link":"https:\/\/www.snkka.hu\/?p=64","title":{"rendered":"A S\u00e1rospataki N\u00e9met Kisebbs\u00e9g kult\u00far\u00e1j\u00e1\u00e9rt alap\u00edtv\u00e1ny"},"content":{"rendered":"\n<p class=\"has-text-align-center\">2021 \u00e9vi tev\u00e9kenys\u00e9g\u00e9nek bemutat\u00e1sa.<\/p>\n\n\n\n<p class=\"has-text-align-center\">A<strong><em> S\u00e1rospataki N\u00e9met Kisebbs\u00e9g kult\u00far\u00e1j\u00e1\u00e9rt alap\u00edtv\u00e1ny<\/em><\/strong><\/p>\n\n\n\n<p class=\"has-text-align-center\">2021 \u00e9vi tev\u00e9kenys\u00e9g\u00e9nek bemutat\u00e1sa.<\/p>\n\n\n\n<p class=\"has-text-align-center\">Alap\u00edtv\u00e1nyunk, ami 2008-ban lett l\u00e9tre hozva, az idei \u00e9vben is folytatta a m\u00e1r elv\u00e1rt<br>tev\u00e9kenys\u00e9get. Vannak \u00e1lland\u00f3 programjaink. Ilyen a minden \u00e9vben megtartott megeml\u00e9kez\u00e9s<br>janu\u00e1r m\u00e1sodik\u00e1n, amikor a nagysz\u00fcleink \u00e9s sz\u00fcleink &#8220;M\u00e1lenkij robotra&#8221; val\u00f3 elhurcol\u00e1sukra<br>eml\u00e9kez\u00fcnk egy m\u0171sorral \u00e9s egy gy\u00e1szmis\u00e9vel a Hercegk\u00fati templomban. Az \u00e9nekkarunk<br>pr\u00f3b\u00e1ja folyamatosan m\u0171k\u00f6dik a M\u0171vel\u0151d\u00e9s H\u00e1z\u00e1ban. A t\u00e1nccsoportunk a farsangi Sv\u00e1b<br>b\u00e1lunkra \u00faj t\u00e1ncokat tanult, amit a v\u00edrusj\u00e1rv\u00e1ny miatt nem tudtunk bemutatni. Augusztus<br>h\u00f3napban a Pilisszentiv\u00e1ni N\u00e9met Nemzetis\u00e9gi \u00f6nkorm\u00e1nyzatot l\u00e1togattuk meg.<br>Megismerkedt\u00fcnk a munk\u00e1jukkal, megn\u00e9zt\u00fck a telep\u00fcl\u00e9s nevezetess\u00e9geit \u00e9s egy\u00fcttm\u0171k\u00f6d\u00e9si<br>meg\u00e1llapod\u00e1st k\u00f6t\u00f6tt\u00fcnk. Ez tartalmazza a tov\u00e1bbiakban egym\u00e1s t\u00e1j\u00e9koztat\u00e1s\u00e1t az aktu\u00e1lis<br>feladatokr\u00f3l \u00e9s lehet\u0151s\u00e9gekr\u0151l. M\u00e1snap Szentendre l\u00e1tnival\u00f3it tekintett\u00fck meg a Skanzent<br>helyezve k\u00f6z\u00e9ppontba. Hazafel\u00e9 a g\u00f6d\u00f6ll\u0151i kast\u00e9llyal \u00e9s a m\u00e1riabesny\u0151i ap\u00e1ts\u00e1ggal<br>ismerkedt\u00fcnk. A s\u00e1rospataki szoci\u00e1lis otthon ker\u00edt\u00e9s\u00e9nek a fal\u00e1ban kialak\u00edtott M\u00e1lenkij<br>robotra elhurcoltak tisztelet\u00e9re kialak\u00edtott eml\u00e9km\u0171n\u00e9l adtunk m\u0171sort az \u00e9vfordul\u00f3<br>alkalm\u00e1b\u00f3l. 2021. \u00e9vben K\u00e1rolyfalva adott helyet a megyei N\u00e9met Nemzetis\u00e9g gasztron\u00f3miai<br>fesztiv\u00e1lj\u00e1nak. Augusztusban Hercegk\u00fat napj\u00e1n szerepelt\u00fcnk a hagyom\u00e1nyos betelep\u00fcl\u00e9si<br>eml\u00e9k\u00fcnneps\u00e9gen. Decemberben a H\u00e1romhutai szlov\u00e1kok megh\u00edv\u00e1s\u00e1nak tett\u00fcnk eleget. Egy<br>d\u00e9lut\u00e1ni besz\u00e9lget\u0151s rendezv\u00e9nyen m\u00e9ly\u00edtett\u00fck a bar\u00e1ts\u00e1got. Kar\u00e1csony el\u0151tt a piact\u00e9ren<br>k\u00e1nt\u00e1l\u00e1ssal tett\u00fck sz\u00ednesebb\u00e9 a v\u00e1rosi rendezv\u00e9nyt. A hercegk\u00fati faluh\u00e1zhoz szervezett<br>kar\u00e1csonyk\u00f6sz\u00f6nt\u0151 k\u00f6z\u00f6s k\u00e1nt\u00e1l\u00e1son is r\u00e9szt vett\u00fcnk, mint megh\u00edvott \u00e9nekkar.<br>Fell\u00e9p\u00e9seinkkel a s\u00e1rospataki sv\u00e1bok \u00e9s az eg\u00e9sz magyarorsz\u00e1gi n\u00e9metek j\u00f3 h\u00edr\u00e9t szeretn\u00e9nk<br>n\u00f6velni.<\/p>\n\n\n\n<p>S\u00e1rospatak 2022.01 30.<\/p>\n\n\n\n<p>Baumgartner J\u00e1nos<br>Az Alap\u00edtv\u00e1ny k\u00e9pvisel\u0151je<\/p>\n\n\n\n<figure class=\"wp-block-gallery columns-0 is-cropped\"><ul class=\"blocks-gallery-grid\"><\/ul><\/figure>\n","protected":false},"excerpt":{"rendered":"<p>2021 \u00e9vi tev\u00e9kenys\u00e9g\u00e9nek bemutat\u00e1sa. A S\u00e1rospataki N\u00e9met Kisebbs\u00e9g kult\u00far\u00e1j\u00e1\u00e9rt alap\u00edtv\u00e1ny 2021 \u00e9vi tev\u00e9kenys\u00e9g\u00e9nek bemutat\u00e1sa. Alap\u00edtv\u00e1nyunk, ami 2008-ban lett l\u00e9tre hozva, az idei \u00e9vben is folytatta a m\u00e1r elv\u00e1rttev\u00e9kenys\u00e9get. Vannak \u00e1lland\u00f3 programjaink. Ilyen a minden \u00e9vben megtartott megeml\u00e9kez\u00e9sjanu\u00e1r m\u00e1sodik\u00e1n, amikor a nagysz\u00fcleink \u00e9s sz\u00fcleink &#8220;M\u00e1lenkij robotra&#8221; val\u00f3 elhurcol\u00e1sukraeml\u00e9kez\u00fcnk egy m\u0171sorral \u00e9s egy gy\u00e1szmis\u00e9vel a Hercegk\u00fati templomban. [&hellip;]<\/p>\n","protected":false},"author":1,"featured_media":0,"comment_status":"open","ping_status":"open","sticky":true,"template":"","format":"standard","meta":{"_monsterinsights_skip_tracking":false,"_monsterinsights_sitenote_active":false,"_monsterinsights_sitenote_note":"","_monsterinsights_sitenote_category":0},"categories":[1],"tags":[],"yoast_head":"<!-- This site is optimized with the Yoast SEO plugin v17.3 - https:\/\/yoast.com\/wordpress\/plugins\/seo\/ -->\n<title>A S\u00e1rospataki N\u00e9met Kisebbs\u00e9g kult\u00far\u00e1j\u00e1\u00e9rt alap\u00edtv\u00e1ny -<\/title>\n<meta name=\"description\" content=\"A S\u00e1rospataki N\u00e9met Kisebbs\u00e9g kult\u00far\u00e1j\u00e1\u00e9rt alap\u00edtv\u00e1ny\" \/>\n<meta name=\"robots\" content=\"index, follow, max-snippet:-1, max-image-preview:large, max-video-preview:-1\" \/>\n<link rel=\"canonical\" href=\"https:\/\/www.snkka.hu\/?p=64\" \/>\n<meta property=\"og:locale\" content=\"hu_HU\" \/>\n<meta property=\"og:type\" content=\"article\" \/>\n<meta property=\"og:title\" content=\"A S\u00e1rospataki N\u00e9met Kisebbs\u00e9g kult\u00far\u00e1j\u00e1\u00e9rt alap\u00edtv\u00e1ny -\" \/>\n<meta property=\"og:description\" content=\"A S\u00e1rospataki N\u00e9met Kisebbs\u00e9g kult\u00far\u00e1j\u00e1\u00e9rt alap\u00edtv\u00e1ny\" \/>\n<meta property=\"og:url\" content=\"https:\/\/www.snkka.hu\/?p=64\" \/>\n<meta property=\"article:published_time\" content=\"2024-02-17T10:09:12+00:00\" \/>\n<meta property=\"article:modified_time\" content=\"2024-02-17T10:26:17+00:00\" \/>\n<meta name=\"twitter:card\" content=\"summary_large_image\" \/>\n<meta name=\"twitter:label1\" content=\"Szerz\u0151:\" \/>\n\t<meta name=\"twitter:data1\" content=\"admin\" \/>\n\t<meta name=\"twitter:label2\" content=\"Becs\u00fclt olvas\u00e1si id\u0151\" \/>\n\t<meta name=\"twitter:data2\" content=\"1 perc\" \/>\n<script type=\"application\/ld+json\" class=\"yoast-schema-graph\">{\"@context\":\"https:\/\/schema.org\",\"@graph\":[{\"@type\":\"WebSite\",\"@id\":\"https:\/\/www.snkka.hu\/#website\",\"url\":\"https:\/\/www.snkka.hu\/\",\"name\":\"\",\"description\":\"A S\\u00c1ROSPATAKI N\\u00c9MET KISEBBS\\u00c9G KULT\\u00daR\\u00c1J\\u00c1\\u00c9RT ALAP\\u00cdTV\\u00c1NY\",\"potentialAction\":[{\"@type\":\"SearchAction\",\"target\":{\"@type\":\"EntryPoint\",\"urlTemplate\":\"https:\/\/www.snkka.hu\/?s={search_term_string}\"},\"query-input\":\"required name=search_term_string\"}],\"inLanguage\":\"hu\"},{\"@type\":\"WebPage\",\"@id\":\"https:\/\/www.snkka.hu\/?p=64#webpage\",\"url\":\"https:\/\/www.snkka.hu\/?p=64\",\"name\":\"A S\\u00e1rospataki N\\u00e9met Kisebbs\\u00e9g kult\\u00far\\u00e1j\\u00e1\\u00e9rt alap\\u00edtv\\u00e1ny -\",\"isPartOf\":{\"@id\":\"https:\/\/www.snkka.hu\/#website\"},\"datePublished\":\"2024-02-17T10:09:12+00:00\",\"dateModified\":\"2024-02-17T10:26:17+00:00\",\"author\":{\"@id\":\"https:\/\/www.snkka.hu\/#\/schema\/person\/56cd0f27e51cd17f44da54bf706195b9\"},\"description\":\"A S\\u00e1rospataki N\\u00e9met Kisebbs\\u00e9g kult\\u00far\\u00e1j\\u00e1\\u00e9rt alap\\u00edtv\\u00e1ny\",\"breadcrumb\":{\"@id\":\"https:\/\/www.snkka.hu\/?p=64#breadcrumb\"},\"inLanguage\":\"hu\",\"potentialAction\":[{\"@type\":\"ReadAction\",\"target\":[\"https:\/\/www.snkka.hu\/?p=64\"]}]},{\"@type\":\"BreadcrumbList\",\"@id\":\"https:\/\/www.snkka.hu\/?p=64#breadcrumb\",\"itemListElement\":[{\"@type\":\"ListItem\",\"position\":1,\"name\":\"Home\",\"item\":\"https:\/\/www.snkka.hu\/\"},{\"@type\":\"ListItem\",\"position\":2,\"name\":\"A S\\u00e1rospataki N\\u00e9met Kisebbs\\u00e9g kult\\u00far\\u00e1j\\u00e1\\u00e9rt alap\\u00edtv\\u00e1ny\"}]},{\"@type\":\"Person\",\"@id\":\"https:\/\/www.snkka.hu\/#\/schema\/person\/56cd0f27e51cd17f44da54bf706195b9\",\"name\":\"admin\",\"image\":{\"@type\":\"ImageObject\",\"@id\":\"https:\/\/www.snkka.hu\/#personlogo\",\"inLanguage\":\"hu\",\"url\":\"https:\/\/secure.gravatar.com\/avatar\/5e2e5d1e20135ac818908582c8aecd0d?s=96&d=mm&r=g\",\"contentUrl\":\"https:\/\/secure.gravatar.com\/avatar\/5e2e5d1e20135ac818908582c8aecd0d?s=96&d=mm&r=g\",\"caption\":\"admin\"},\"sameAs\":[\"https:\/\/www.snkka.hu\"],\"url\":\"https:\/\/www.snkka.hu\/?author=1\"}]}<\/script>\n<!-- \/ Yoast SEO plugin. -->","yoast_head_json":{"title":"A S\u00e1rospataki N\u00e9met Kisebbs\u00e9g kult\u00far\u00e1j\u00e1\u00e9rt alap\u00edtv\u00e1ny -","description":"A S\u00e1rospataki N\u00e9met Kisebbs\u00e9g kult\u00far\u00e1j\u00e1\u00e9rt alap\u00edtv\u00e1ny","robots":{"index":"index","follow":"follow","max-snippet":"max-snippet:-1","max-image-preview":"max-image-preview:large","max-video-preview":"max-video-preview:-1"},"canonical":"https:\/\/www.snkka.hu\/?p=64","og_locale":"hu_HU","og_type":"article","og_title":"A S\u00e1rospataki N\u00e9met Kisebbs\u00e9g kult\u00far\u00e1j\u00e1\u00e9rt alap\u00edtv\u00e1ny -","og_description":"A S\u00e1rospataki N\u00e9met Kisebbs\u00e9g kult\u00far\u00e1j\u00e1\u00e9rt alap\u00edtv\u00e1ny","og_url":"https:\/\/www.snkka.hu\/?p=64","article_published_time":"2024-02-17T10:09:12+00:00","article_modified_time":"2024-02-17T10:26:17+00:00","twitter_card":"summary_large_image","twitter_misc":{"Szerz\u0151:":"admin","Becs\u00fclt olvas\u00e1si id\u0151":"1 perc"},"schema":{"@context":"https:\/\/schema.org","@graph":[{"@type":"WebSite","@id":"https:\/\/www.snkka.hu\/#website","url":"https:\/\/www.snkka.hu\/","name":"","description":"A S\u00c1ROSPATAKI N\u00c9MET KISEBBS\u00c9G KULT\u00daR\u00c1J\u00c1\u00c9RT ALAP\u00cdTV\u00c1NY","potentialAction":[{"@type":"SearchAction","target":{"@type":"EntryPoint","urlTemplate":"https:\/\/www.snkka.hu\/?s={search_term_string}"},"query-input":"required name=search_term_string"}],"inLanguage":"hu"},{"@type":"WebPage","@id":"https:\/\/www.snkka.hu\/?p=64#webpage","url":"https:\/\/www.snkka.hu\/?p=64","name":"A S\u00e1rospataki N\u00e9met Kisebbs\u00e9g kult\u00far\u00e1j\u00e1\u00e9rt alap\u00edtv\u00e1ny -","isPartOf":{"@id":"https:\/\/www.snkka.hu\/#website"},"datePublished":"2024-02-17T10:09:12+00:00","dateModified":"2024-02-17T10:26:17+00:00","author":{"@id":"https:\/\/www.snkka.hu\/#\/schema\/person\/56cd0f27e51cd17f44da54bf706195b9"},"description":"A S\u00e1rospataki N\u00e9met Kisebbs\u00e9g kult\u00far\u00e1j\u00e1\u00e9rt alap\u00edtv\u00e1ny","breadcrumb":{"@id":"https:\/\/www.snkka.hu\/?p=64#breadcrumb"},"inLanguage":"hu","potentialAction":[{"@type":"ReadAction","target":["https:\/\/www.snkka.hu\/?p=64"]}]},{"@type":"BreadcrumbList","@id":"https:\/\/www.snkka.hu\/?p=64#breadcrumb","itemListElement":[{"@type":"ListItem","position":1,"name":"Home","item":"https:\/\/www.snkka.hu\/"},{"@type":"ListItem","position":2,"name":"A S\u00e1rospataki N\u00e9met Kisebbs\u00e9g kult\u00far\u00e1j\u00e1\u00e9rt alap\u00edtv\u00e1ny"}]},{"@type":"Person","@id":"https:\/\/www.snkka.hu\/#\/schema\/person\/56cd0f27e51cd17f44da54bf706195b9","name":"admin","image":{"@type":"ImageObject","@id":"https:\/\/www.snkka.hu\/#personlogo","inLanguage":"hu","url":"https:\/\/secure.gravatar.com\/avatar\/5e2e5d1e20135ac818908582c8aecd0d?s=96&d=mm&r=g","contentUrl":"https:\/\/secure.gravatar.com\/avatar\/5e2e5d1e20135ac818908582c8aecd0d?s=96&d=mm&r=g","caption":"admin"},"sameAs":["https:\/\/www.snkka.hu"],"url":"https:\/\/www.snkka.hu\/?author=1"}]}},"_links":{"self":[{"href":"https:\/\/www.snkka.hu\/index.php?rest_route=\/wp\/v2\/posts\/64"}],"collection":[{"href":"https:\/\/www.snkka.hu\/index.php?rest_route=\/wp\/v2\/posts"}],"about":[{"href":"https:\/\/www.snkka.hu\/index.php?rest_route=\/wp\/v2\/types\/post"}],"author":[{"embeddable":true,"href":"https:\/\/www.snkka.hu\/index.php?rest_route=\/wp\/v2\/users\/1"}],"replies":[{"embeddable":true,"href":"https:\/\/www.snkka.hu\/index.php?rest_route=%2Fwp%2Fv2%2Fcomments&post=64"}],"version-history":[{"count":2,"href":"https:\/\/www.snkka.hu\/index.php?rest_route=\/wp\/v2\/posts\/64\/revisions"}],"predecessor-version":[{"id":84,"href":"https:\/\/www.snkka.hu\/index.php?rest_route=\/wp\/v2\/posts\/64\/revisions\/84"}],"wp:attachment":[{"href":"https:\/\/www.snkka.hu\/index.php?rest_route=%2Fwp%2Fv2%2Fmedia&parent=64"}],"wp:term":[{"taxonomy":"category","embeddable":true,"href":"https:\/\/www.snkka.hu\/index.php?rest_route=%2Fwp%2Fv2%2Fcategories&post=64"},{"taxonomy":"post_tag","embeddable":true,"href":"https:\/\/www.snkka.hu\/index.php?rest_route=%2Fwp%2Fv2%2Ftags&post=64"}],"curies":[{"name":"wp","href":"https:\/\/api.w.org\/{rel}","templated":true}]}}